[{"@context":"https:\/\/schema.org\/","@type":"Article","@id":"https:\/\/www.holotin.cz\/maly-prostor-zadny-problem\/#Article","mainEntityOfPage":"https:\/\/www.holotin.cz\/maly-prostor-zadny-problem\/","headline":"Mal\u00fd prostor \u2013 \u017e\u00e1dn\u00fd probl\u00e9m","name":"Mal\u00fd prostor \u2013 \u017e\u00e1dn\u00fd probl\u00e9m","description":"Co je mal\u00e9, to je hezk\u00e9. To se p\u0159ece \u0159\u00edk\u00e1. A m\u00e1 to n\u011bco do sebe! Samoz\u0159ejm\u011b, kdy\u017e se do mal\u00e9ho bytu chyst\u00e1 nast\u011bhovat p\u011bti\u010dlenn\u00e1 rodina, potom toto \u00faslov\u00ed asi platit nebude. Ale pro V\u00e1s? Jste dva lid\u00e9, kte\u0159\u00ed u\u017e d\u00e1vno vyvedli z hn\u00edzda sv\u00e9 potomky. Pro\u010d tedy \u017e\u00edt v byt\u011b, kde se hled\u00e1te? D\u011bl\u00e1te [&hellip;]","datePublished":"2018-08-25","dateModified":"2023-04-29","author":{"@type":"Person","@id":"https:\/\/www.holotin.cz\/author\/#Person","name":"holotin.cz\n","url":"https:\/\/www.holotin.cz\/author\/","identifier":1,"image":{"@type":"ImageObject","@id":"https:\/\/secure.gravatar.com\/avatar\/91b1fc57487c55a66a7777af0dd690bf69c571b4a9b15cda0db8854a78b7888c?s=96&d=mm&r=g","url":"https:\/\/secure.gravatar.com\/avatar\/91b1fc57487c55a66a7777af0dd690bf69c571b4a9b15cda0db8854a78b7888c?s=96&d=mm&r=g","height":96,"width":96}},"publisher":{"@type":"Organization","name":"holotin.cz","logo":{"@type":"ImageObject","@id":"\/logo.png","url":"\/logo.png","width":600,"height":60}},"image":{"@type":"ImageObject","@id":"https:\/\/www.holotin.cz\/wp-content\/uploads\/img_a322728_w2029_t1534493398.png","url":"https:\/\/www.holotin.cz\/wp-content\/uploads\/img_a322728_w2029_t1534493398.png","height":0,"width":0},"url":"https:\/\/www.holotin.cz\/maly-prostor-zadny-problem\/","about":["D\u016fm a byt"],"wordCount":424,"articleBody":"Co je mal\u00e9, to je hezk\u00e9. To se p\u0159ece \u0159\u00edk\u00e1. A m\u00e1 to n\u011bco do sebe! Samoz\u0159ejm\u011b, kdy\u017e se do mal\u00e9ho bytu chyst\u00e1 nast\u011bhovat p\u011bti\u010dlenn\u00e1 rodina, potom toto \u00faslov\u00ed asi platit nebude. Ale pro V\u00e1s? Jste dva lid\u00e9, kte\u0159\u00ed u\u017e d\u00e1vno vyvedli z hn\u00edzda sv\u00e9 potomky. Pro\u010d tedy \u017e\u00edt v byt\u011b, kde se hled\u00e1te? D\u011bl\u00e1te dob\u0159e. V\u0161echno uspo\u0159\u00e1d\u00e1te bez pot\u00ed\u017e\u00ed. Nebojte. Co k \u017eivotu pot\u0159ebujete?  \u00b7 M\u00edsto, kde se v klidu vysp\u00edte.  \u00b7 M\u00edsto, kde si uva\u0159\u00edte a spole\u010dn\u011b posn\u00edd\u00e1te, poob\u011bdv\u00e1te, nebo pove\u010de\u0159\u00edte. \u00b7 M\u00edsto, kde si v klidu posed\u00edte  sami, nebo s p\u0159\u00e1teli. Nakonec u V\u00e1s mohou p\u0159\u00e1tel\u00e9 i p\u0159espat! \u00b7 M\u00edsto pro osobn\u00ed hygienu. A to mal\u00fd byt v\u0161echno spl\u0148uje. Nebo snad ne? Kam d\u00e1te v\u0161echny sv\u00e9 v\u011bci? Asi jste p\u011bkn\u011b syslili, kdy\u017e m\u00e1te tolik v\u011bc\u00ed! Ale to nejste jedin\u00ed. Nakonec alespo\u0148 provedete takov\u00fd mal\u00fd audit pot\u0159ebn\u00fdch a nepot\u0159ebn\u00fdch v\u011bc\u00ed. A nebudete v\u011b\u0159it tomu, co v\u0161echno objev\u00edte! Dokonce i v\u011bci, kter\u00e9 jste l\u00e9ta hledali. A v\u00e1\u017en\u011b to nen\u00ed nic nov\u00e9ho pod sluncem! Takhle to m\u00e1 ka\u017ed\u00fd \u010dlov\u011bk, kdy\u017e se pot\u0159ebuje zbavit v\u011bc\u00ed.  Tak\u017ee je hezky v\u0161echny proberte a do nov\u00e9ho mal\u00e9ho bytu p\u0159esu\u0148te jen to, co opravdu pot\u0159ebujete! \u00dalo\u017en\u00fd prostor si m\u016f\u017eete vytvo\u0159it vestav\u011bn\u00fdmi sk\u0159\u00edn\u011bmi od podlahy a\u017e ke stropu. Budete m\u00edt st\u00e1le uklizeno, a p\u0159itom v\u0161echno p\u011bkn\u011b p\u0159i ruce. N\u011bkter\u00e9 byty maj\u00ed kom\u016frku p\u0159ed bytem, tak\u017ee s \u00falo\u017en\u00fdm prostorem probl\u00e9m nebudete ani poci\u0165ovat. Nezapome\u0148te ani na komfort! Kdy\u017e u\u017e jakoby za\u010d\u00edn\u00e1te novou etapu sv\u00e9ho \u017eivota v nov\u00e9m byt\u011b, ur\u010dit\u011b myslete na pohodl\u00ed a na co nejm\u00e9n\u011b pr\u00e1ce s \u00faklidem.  \u00b7 Tak\u017ee \u017e\u00e1dn\u00e9 z\u00e1clony a z\u00e1v\u011bsy, kter\u00e9 mus\u00edte pr\u00e1t. Sta\u010d\u00ed rolety, kter\u00e9 ot\u0159ete had\u0159\u00edkem, nebo vysajete vysava\u010dem.  \u00b7 Parn\u00e9 dny, kdy je p\u0159\u00edmo ned\u00fdchatelno vy\u0159e\u0161te v\u011btr\u00e1kem, nebo, a to je je\u0161t\u011b lep\u0161\u00ed, zabudovanou klimatizac\u00ed! \u00b7 A koberce si do bytu netahejte. Vinylov\u00e9 podlahy jsou b\u00e1je\u010dn\u00e9. A skv\u011ble vypadaj\u00ed! To v\u00e1\u017en\u011b ud\u011blejte. P\u0159ece nebudete tr\u00e1vit \u010das pracn\u00fdm \u00faklidem.                                                                                                                                                                                                                                                                                                                                                                                         4.4\/5 - (9 votes)        "},{"@context":"https:\/\/schema.org\/","@type":"BreadcrumbList","itemListElement":[{"@type":"ListItem","position":1,"name":"Mal\u00fd prostor \u2013 \u017e\u00e1dn\u00fd probl\u00e9m","item":"https:\/\/www.holotin.cz\/maly-prostor-zadny-problem\/#breadcrumbitem"}]}]