[{"@context":"https:\/\/schema.org\/","@type":"Article","@id":"https:\/\/www.holotin.cz\/cim-letos-vyzdobime-stedrovecerni-tabuli\/#Article","mainEntityOfPage":"https:\/\/www.holotin.cz\/cim-letos-vyzdobime-stedrovecerni-tabuli\/","headline":"\u010c\u00edm letos vyzdob\u00edme \u0161t\u011bdrove\u010dern\u00ed tabuli?","name":"\u010c\u00edm letos vyzdob\u00edme \u0161t\u011bdrove\u010dern\u00ed tabuli?","description":"P\u0159esto\u017ee je nab\u00eddka prodejn\u00edch center s v\u00e1no\u010dn\u00edmi dekoracemi bohat\u00e1, nejv\u011bt\u0161\u00ed pot\u011b\u0161en\u00ed p\u0159inesou ty, kter\u00e9 jsou vlastnoru\u010dn\u011b vyroben\u00e9. U\u017e koncem listopadu, \u010dty\u0159i t\u00fddny p\u0159ed \u0160t\u011bdr\u00fdm dnem,vyrobte si sami, pro sv\u00e9 vlastn\u00ed pot\u011b\u0161en\u00ed, adventn\u00ed v\u011bnec. Zap\u00e1len\u00edm jeho prvn\u00ed sv\u00ed\u010dky vytvo\u0159\u00edte ve sv\u00e9m domov\u011b tu pravou, p\u0159edv\u00e1no\u010dn\u00ed n\u00e1ladu. P\u0159i v\u00fdrob\u011b adventn\u00edho v\u011bnce se fantazii meze nekladou. Sami si [&hellip;]","datePublished":"2025-03-01","dateModified":"2023-04-29","author":{"@type":"Person","@id":"https:\/\/www.holotin.cz\/author\/#Person","name":"holotin.cz\n","url":"https:\/\/www.holotin.cz\/author\/","identifier":1,"image":{"@type":"ImageObject","@id":"https:\/\/secure.gravatar.com\/avatar\/91b1fc57487c55a66a7777af0dd690bf69c571b4a9b15cda0db8854a78b7888c?s=96&d=mm&r=g","url":"https:\/\/secure.gravatar.com\/avatar\/91b1fc57487c55a66a7777af0dd690bf69c571b4a9b15cda0db8854a78b7888c?s=96&d=mm&r=g","height":96,"width":96}},"publisher":{"@type":"Organization","name":"holotin.cz","logo":{"@type":"ImageObject","@id":"\/logo.png","url":"\/logo.png","width":600,"height":60}},"image":{"@type":"ImageObject","@id":"https:\/\/www.holotin.cz\/wp-content\/uploads\/img_a301640_w2029_t1511726466.jpg","url":"https:\/\/www.holotin.cz\/wp-content\/uploads\/img_a301640_w2029_t1511726466.jpg","height":0,"width":0},"url":"https:\/\/www.holotin.cz\/cim-letos-vyzdobime-stedrovecerni-tabuli\/","about":["D\u016fm a byt"],"wordCount":411,"articleBody":"P\u0159esto\u017ee je nab\u00eddka prodejn\u00edch center s v\u00e1no\u010dn\u00edmi dekoracemi bohat\u00e1, nejv\u011bt\u0161\u00ed pot\u011b\u0161en\u00ed p\u0159inesou ty, kter\u00e9 jsou vlastnoru\u010dn\u011b vyroben\u00e9. U\u017e koncem listopadu, \u010dty\u0159i t\u00fddny p\u0159ed \u0160t\u011bdr\u00fdm dnem,vyrobte si sami, pro sv\u00e9 vlastn\u00ed pot\u011b\u0161en\u00ed, adventn\u00ed v\u011bnec. Zap\u00e1len\u00edm jeho prvn\u00ed sv\u00ed\u010dky vytvo\u0159\u00edte ve sv\u00e9m domov\u011b tu pravou, p\u0159edv\u00e1no\u010dn\u00ed n\u00e1ladu. P\u0159i v\u00fdrob\u011b adventn\u00edho v\u011bnce se fantazii meze nekladou. Sami si zvol\u00edte, v jak\u00e9 barevnosti a z jak\u00e9ho materi\u00e1lu si v\u011bnec vyrob\u00edte. Pokud budou cht\u00edt p\u0159ilo\u017eit ruku k d\u00edlu, p\u0159i v\u00fdrob\u011b v\u00e1no\u010dn\u00edch dekorac\u00ed va\u0161e d\u011bti, ur\u010dit\u011b je nechejte.Mo\u017en\u00e1 v\u00e1s p\u0159\u00edjemn\u011b p\u0159ekvap\u00ed zru\u010dnost\u00ed a neot\u0159el\u00fdmi n\u00e1pady. Ur\u010dit\u011b v\u00e1m budou dobr\u00fdmi pomocn\u00edky p\u0159i v\u00e1no\u010dn\u00ed v\u00fdzdob\u011b vstupn\u00edho prostoru do domu \u010di instalaci venkovn\u00edch dekorac\u00ed. A ke zdoben\u00ed v\u00e1no\u010dn\u00edho stromku, v p\u0159edve\u010der \u0160t\u011bdr\u00e9ho dne, u\u017e nastoup\u00edte s d\u011btmi jako sehran\u00fd tv\u016fr\u010d\u00ed t\u00fdm. \t\tJmel\u00ed p\u0159inese rodin\u011b \u0161t\u011bst\u00ed!\u0160t\u011bdrove\u010dern\u00ed tabule p\u0159edstavuje magick\u00e9 m\u00edsto, u kter\u00e9ho se jednou za rok sejde cel\u00e1 rodina. Proto jej\u00ed \u00faprav\u011b v\u011bnujeme tolik pozornosti. Barvou leto\u0161n\u00edch V\u00e1noc byla vyhl\u00e1\u0161en\u00e1 kombinace b\u00edl\u00e9 s fialovou. A je jenom na\u00a0 v\u00e1s, jestli tuto barevnou kombinaci na \u0161t\u011bdrove\u010dern\u00ed tabuli uplatn\u00edte, nebo jestli ji vyzdob\u00edte tradi\u010dn\u00edm zp\u016fsobem. S dominantn\u00ed \u010dervenou barvou, zelenou \u010di zlatou. Na co byste nem\u011bli\u00a0 zapomenout, jsou tradi\u010dn\u00ed v\u00e1no\u010dn\u00ed motivy &#8211;\u00a0 \u0161i\u0161ky, chvoj\u00ed, v\u00e1no\u010dn\u00ed hv\u011bzdy \u010di jmel\u00ed. Obzvl\u00e1\u0161t\u011b o jmel\u00ed se \u0159\u00edk\u00e1, \u017ee p\u0159in\u00e1\u0161\u00ed do domu \u0161t\u011bst\u00ed, odvahu a l\u00e1sku. Pokud upevn\u00edte sn\u00edtku jmel\u00ed nad dve\u0159e, m\u016f\u017ee se o \u0160t\u011bdr\u00e9m dnu pod n\u00ed kdokoliv s k\u00fdmkoliv beztrestn\u011b l\u00edbat.V klasick\u00e9 kv\u011btomluv\u011b jmel\u00ed znamen\u00e1 \u2013 spolu jsme na\u0161li \u0161t\u011bst\u00ed. Tak pro\u010d si jmel\u00edm nevyzdobit slavnostn\u00ed \u0161t\u011bdrove\u010dern\u00ed tabuli? Kelt\u0161t\u00ed kn\u011b\u017e\u00ed pou\u017e\u00edvali jmel\u00ed nejen jako l\u00e9k, ale za\u017eehn\u00e1vali j\u00edm v\u00e1lky, hladomory, krupobit\u00ed a zl\u00e9 duchy. A proto\u017ee jmel\u00ed ut\u00ednali zlat\u00fdmi srpy, dodnes se zachovala tradice jeho pozlacov\u00e1n\u00ed.\u00a0                                                                                                                                                                                                                                                                                                                                                                                        4.3\/5 - (9 votes)        "},{"@context":"https:\/\/schema.org\/","@type":"BreadcrumbList","itemListElement":[{"@type":"ListItem","position":1,"name":"\u010c\u00edm letos vyzdob\u00edme \u0161t\u011bdrove\u010dern\u00ed tabuli?","item":"https:\/\/www.holotin.cz\/cim-letos-vyzdobime-stedrovecerni-tabuli\/#breadcrumbitem"}]}]