{"@context":"https:\/\/schema.org\/","@type":"CollectionPage","@id":"https:\/\/www.holotin.cz\/cestovani\/#CollectionPage","headline":"Cestov\u00e1n\u00ed Category","description":"","url":"https:\/\/www.holotin.cz\/cestovani\/","hasPart":[{"@type":"Article","@id":"https:\/\/www.holotin.cz\/co-vas-ceka-a-nemine\/","headline":"Co v\u00e1s \u010dek\u00e1 a nemine","url":"https:\/\/www.holotin.cz\/co-vas-ceka-a-nemine\/","datePublished":"2025-03-01","dateModified":"2023-04-29","mainEntityOfPage":"https:\/\/www.holotin.cz\/co-vas-ceka-a-nemine\/","author":{"@type":"Person","@id":"https:\/\/www.holotin.cz\/author\/#Person","name":"holotin.cz\n","url":"https:\/\/www.holotin.cz\/author\/","identifier":1,"image":{"@type":"ImageObject","@id":"https:\/\/secure.gravatar.com\/avatar\/91b1fc57487c55a66a7777af0dd690bf69c571b4a9b15cda0db8854a78b7888c?s=96&d=mm&r=g","url":"https:\/\/secure.gravatar.com\/avatar\/91b1fc57487c55a66a7777af0dd690bf69c571b4a9b15cda0db8854a78b7888c?s=96&d=mm&r=g","height":96,"width":96}},"publisher":{"@type":"Organization","name":"holotin.cz","logo":{"@type":"ImageObject","@id":"\/logo.png","url":"\/logo.png","width":600,"height":60}},"image":{"@type":"ImageObject","@id":"https:\/\/www.holotin.cz\/wp-content\/uploads\/img_a308070_w2029_t1519225970.jpg","url":"https:\/\/www.holotin.cz\/wp-content\/uploads\/img_a308070_w2029_t1519225970.jpg","height":0,"width":0},"keywords":null},{"@type":"Article","@id":"https:\/\/www.holotin.cz\/prekrasna-budapest-klenot-jihovychodni-evropy\/","headline":"P\u0159ekr\u00e1sn\u00e1 Budape\u0161\u0165, klenot jihov\u00fdchodn\u00ed Evropy","url":"https:\/\/www.holotin.cz\/prekrasna-budapest-klenot-jihovychodni-evropy\/","datePublished":"2025-02-27","dateModified":"2023-04-29","mainEntityOfPage":"https:\/\/www.holotin.cz\/prekrasna-budapest-klenot-jihovychodni-evropy\/","author":{"@type":"Person","@id":"https:\/\/www.holotin.cz\/author\/#Person","name":"holotin.cz\n","url":"https:\/\/www.holotin.cz\/author\/","identifier":1,"image":{"@type":"ImageObject","@id":"https:\/\/secure.gravatar.com\/avatar\/91b1fc57487c55a66a7777af0dd690bf69c571b4a9b15cda0db8854a78b7888c?s=96&d=mm&r=g","url":"https:\/\/secure.gravatar.com\/avatar\/91b1fc57487c55a66a7777af0dd690bf69c571b4a9b15cda0db8854a78b7888c?s=96&d=mm&r=g","height":96,"width":96}},"publisher":{"@type":"Organization","name":"holotin.cz","logo":{"@type":"ImageObject","@id":"\/logo.png","url":"\/logo.png","width":600,"height":60}},"image":{"@type":"ImageObject","@id":"https:\/\/www.holotin.cz\/wp-content\/uploads\/img_a288397_w2029_t1498751980.jpg","url":"https:\/\/www.holotin.cz\/wp-content\/uploads\/img_a288397_w2029_t1498751980.jpg","height":0,"width":0},"keywords":null},{"@type":"Article","@id":"https:\/\/www.holotin.cz\/narodni-parky-rakouska\/","headline":"N\u00e1rodn\u00ed parky Rakouska","url":"https:\/\/www.holotin.cz\/narodni-parky-rakouska\/","datePublished":"2025-02-27","dateModified":"2023-04-29","mainEntityOfPage":"https:\/\/www.holotin.cz\/narodni-parky-rakouska\/","author":{"@type":"Person","@id":"https:\/\/www.holotin.cz\/author\/#Person","name":"holotin.cz\n","url":"https:\/\/www.holotin.cz\/author\/","identifier":1,"image":{"@type":"ImageObject","@id":"https:\/\/secure.gravatar.com\/avatar\/91b1fc57487c55a66a7777af0dd690bf69c571b4a9b15cda0db8854a78b7888c?s=96&d=mm&r=g","url":"https:\/\/secure.gravatar.com\/avatar\/91b1fc57487c55a66a7777af0dd690bf69c571b4a9b15cda0db8854a78b7888c?s=96&d=mm&r=g","height":96,"width":96}},"publisher":{"@type":"Organization","name":"holotin.cz","logo":{"@type":"ImageObject","@id":"\/logo.png","url":"\/logo.png","width":600,"height":60}},"image":{"@type":"ImageObject","@id":"https:\/\/www.holotin.cz\/wp-content\/uploads\/img_a340712_w2029_t1553602617.jpg","url":"https:\/\/www.holotin.cz\/wp-content\/uploads\/img_a340712_w2029_t1553602617.jpg","height":0,"width":0},"keywords":null},{"@type":"Article","@id":"https:\/\/www.holotin.cz\/kazdy-cech-alespon-jednou-do-tater\/","headline":"Ka\u017ed\u00fd \u010cech alespo\u0148 jednou do Tater","url":"https:\/\/www.holotin.cz\/kazdy-cech-alespon-jednou-do-tater\/","datePublished":"2023-04-29","dateModified":"2023-04-29","mainEntityOfPage":"https:\/\/www.holotin.cz\/kazdy-cech-alespon-jednou-do-tater\/","author":{"@type":"Person","@id":"https:\/\/www.holotin.cz\/author\/#Person","name":"holotin.cz\n","url":"https:\/\/www.holotin.cz\/author\/","identifier":1,"image":{"@type":"ImageObject","@id":"https:\/\/secure.gravatar.com\/avatar\/91b1fc57487c55a66a7777af0dd690bf69c571b4a9b15cda0db8854a78b7888c?s=96&d=mm&r=g","url":"https:\/\/secure.gravatar.com\/avatar\/91b1fc57487c55a66a7777af0dd690bf69c571b4a9b15cda0db8854a78b7888c?s=96&d=mm&r=g","height":96,"width":96}},"publisher":{"@type":"Organization","name":"holotin.cz","logo":{"@type":"ImageObject","@id":"\/logo.png","url":"\/logo.png","width":600,"height":60}},"image":null,"keywords":null},{"@type":"Article","@id":"https:\/\/www.holotin.cz\/cestovani-drive-a-dnes\/","headline":"Cestov\u00e1n\u00ed d\u0159\u00edve a dnes","url":"https:\/\/www.holotin.cz\/cestovani-drive-a-dnes\/","datePublished":"2023-02-07","dateModified":"2023-02-07","mainEntityOfPage":"https:\/\/www.holotin.cz\/cestovani-drive-a-dnes\/","author":{"@type":"Person","@id":"https:\/\/www.holotin.cz\/author\/#Person","name":"holotin.cz\n","url":"https:\/\/www.holotin.cz\/author\/","identifier":1,"image":{"@type":"ImageObject","@id":"https:\/\/secure.gravatar.com\/avatar\/91b1fc57487c55a66a7777af0dd690bf69c571b4a9b15cda0db8854a78b7888c?s=96&d=mm&r=g","url":"https:\/\/secure.gravatar.com\/avatar\/91b1fc57487c55a66a7777af0dd690bf69c571b4a9b15cda0db8854a78b7888c?s=96&d=mm&r=g","height":96,"width":96}},"publisher":{"@type":"Organization","name":"holotin.cz","logo":{"@type":"ImageObject","@id":"\/logo.png","url":"\/logo.png","width":600,"height":60}},"image":{"@type":"ImageObject","@id":"https:\/\/www.holotin.cz\/wp-content\/uploads\/bernina_railway_regional_train.jpg","url":"https:\/\/www.holotin.cz\/wp-content\/uploads\/bernina_railway_regional_train.jpg","height":0,"width":0},"keywords":null},{"@type":"Article","@id":"https:\/\/www.holotin.cz\/odpocinek-s-historii\/","headline":"Odpo\u010dinek s histori\u00ed","url":"https:\/\/www.holotin.cz\/odpocinek-s-historii\/","datePublished":"2020-02-27","dateModified":"2024-05-06","mainEntityOfPage":"https:\/\/www.holotin.cz\/odpocinek-s-historii\/","author":{"@type":"Person","@id":"https:\/\/www.holotin.cz\/author\/#Person","name":"holotin.cz\n","url":"https:\/\/www.holotin.cz\/author\/","identifier":1,"image":{"@type":"ImageObject","@id":"https:\/\/secure.gravatar.com\/avatar\/91b1fc57487c55a66a7777af0dd690bf69c571b4a9b15cda0db8854a78b7888c?s=96&d=mm&r=g","url":"https:\/\/secure.gravatar.com\/avatar\/91b1fc57487c55a66a7777af0dd690bf69c571b4a9b15cda0db8854a78b7888c?s=96&d=mm&r=g","height":96,"width":96}},"publisher":{"@type":"Organization","name":"holotin.cz","logo":{"@type":"ImageObject","@id":"\/logo.png","url":"\/logo.png","width":600,"height":60}},"image":{"@type":"ImageObject","@id":"https:\/\/www.holotin.cz\/wp-content\/uploads\/img_a375225_w2029_t1587021032.jpg","url":"https:\/\/www.holotin.cz\/wp-content\/uploads\/img_a375225_w2029_t1587021032.jpg","height":0,"width":0},"keywords":null}]}